{"id":6580,"date":"2017-07-25T15:37:22","date_gmt":"2017-07-25T13:37:22","guid":{"rendered":"http:\/\/wibi.homeip.net\/aut2017\/?p=6580"},"modified":"2022-01-21T12:45:29","modified_gmt":"2022-01-21T11:45:29","slug":"tag-6-das-abenteuer-bregenz","status":"publish","type":"post","link":"https:\/\/wibi.homeip.net\/hub\/aut2017\/?p=6580","title":{"rendered":"Tag 6 &#8211; Das Abenteuer Bregenz"},"content":{"rendered":"<p>Und das Wetter bleibt schlecht&#8230; (hier zur\u00a0<a href=\"https:\/\/www.icloud.com\/sharedalbum\/#B0wJRveFpJqypiI;B0666F6B-8B6A-4738-96AA-D9246420EBC1\"><b>Dokumentation<\/b><\/a>)<\/p>\n<p>Wir stehen sp\u00e4t auf und fr\u00fchst\u00fccken gem\u00fctlich. Ja, es gibt kein schlechtes Wetter, nur schlechte Ausr\u00fcstung. Aber irgendwie verdirbt es einem schon den Spa\u00df an einem Spaziergang, wenn es dauerhauft sch\u00fcttet. Abgesehen davon wollen wir uns f\u00fcr heute Abend vorw\u00e4rmen.<\/p>\n<p>Daher fahren wir nur zum Sportgesch\u00e4ft, um lange Ski-Unterw\u00e4sche zu kaufen. H\u00e4tten wir zu Hause auch, aber wer nimmt im Sommerurlaub Ski-Unterw\u00e4sche mit &#8211; selbst in \u00d6sterreich?<\/p>\n<p>Es hat 8 Grad Lufttemperatur auf der Terrasse unseres Hauses. Ganz selten kommt die Sonne raus (was Martina sofort ausnutzt &#8211; siehe Bild).<\/p>\n<p>Am fr\u00fchen Nachmittag bereiten wir uns auf unsere Expedition nach Bregenz zu den Festspielen vor: jeder hat warme Unterw\u00e4sche, mindestens 3 Schichten, dar\u00fcber Fleece-Pulli, dar\u00fcber Softshell-Jacke und dar\u00fcber noch das Regen-Cape. Es soll (und wird) regnen und das nicht wenig. Temperatur soll deutlich w\u00e4rmer sein (15 Grad!), aber wenn man 2 Stunden im Regen sitzt, sind auch 15 Grad zu kalt. Jeder hat auch noch eine warme Decke und eine Sitzunterlage. So k\u00f6nnten wir auch den Gro\u00dfglockner \u00fcberleben!<\/p>\n<p>Bestens ausger\u00fcstet machen wir uns &#8211; nach ausgiebiger Mittagsruhe und Nachmittagsschl\u00e4fchen &#8211; auf den Weg nach Bregenz, um dort Carmen zu lauschen (und zu sehen). Wer h\u00e4tte gedacht, dass wir am 25. Juli zu den Bregenzer Festspielen in der Winterausr\u00fcstung fahren?<\/p>\n<p><a href=\"http:\/\/wibi.homeip.net\/hub\/aut2017\/?p=6609\"><b>Hier geht&#8217;s zum Bericht&#8230;<\/b><\/a><\/p>\n","protected":false},"excerpt":{"rendered":"<p>Und das Wetter bleibt schlecht&#8230; (hier zur\u00a0Dokumentation) Wir stehen sp\u00e4t auf und fr\u00fchst\u00fccken gem\u00fctlich. Ja, es gibt kein schlechtes Wetter, nur schlechte Ausr\u00fcstung. Aber irgendwie verdirbt es einem schon den Spa\u00df an einem Spaziergang, wenn es dauerhauft sch\u00fcttet. Abgesehen davon [&hellip;]<\/p>\n","protected":false},"author":1,"featured_media":6582,"comment_status":"open","ping_status":"open","sticky":false,"template":"","format":"standard","meta":{"footnotes":""},"categories":[29],"tags":[],"class_list":["post-6580","post","type-post","status-publish","format-standard","has-post-thumbnail","hentry","category-vorarlberg"],"_links":{"self":[{"href":"https:\/\/wibi.homeip.net\/hub\/aut2017\/index.php?rest_route=\/wp\/v2\/posts\/6580","targetHints":{"allow":["GET"]}}],"collection":[{"href":"https:\/\/wibi.homeip.net\/hub\/aut2017\/index.php?rest_route=\/wp\/v2\/posts"}],"about":[{"href":"https:\/\/wibi.homeip.net\/hub\/aut2017\/index.php?rest_route=\/wp\/v2\/types\/post"}],"author":[{"embeddable":true,"href":"https:\/\/wibi.homeip.net\/hub\/aut2017\/index.php?rest_route=\/wp\/v2\/users\/1"}],"replies":[{"embeddable":true,"href":"https:\/\/wibi.homeip.net\/hub\/aut2017\/index.php?rest_route=%2Fwp%2Fv2%2Fcomments&post=6580"}],"version-history":[{"count":6,"href":"https:\/\/wibi.homeip.net\/hub\/aut2017\/index.php?rest_route=\/wp\/v2\/posts\/6580\/revisions"}],"predecessor-version":[{"id":7226,"href":"https:\/\/wibi.homeip.net\/hub\/aut2017\/index.php?rest_route=\/wp\/v2\/posts\/6580\/revisions\/7226"}],"wp:featuredmedia":[{"embeddable":true,"href":"https:\/\/wibi.homeip.net\/hub\/aut2017\/index.php?rest_route=\/wp\/v2\/media\/6582"}],"wp:attachment":[{"href":"https:\/\/wibi.homeip.net\/hub\/aut2017\/index.php?rest_route=%2Fwp%2Fv2%2Fmedia&parent=6580"}],"wp:term":[{"taxonomy":"category","embeddable":true,"href":"https:\/\/wibi.homeip.net\/hub\/aut2017\/index.php?rest_route=%2Fwp%2Fv2%2Fcategories&post=6580"},{"taxonomy":"post_tag","embeddable":true,"href":"https:\/\/wibi.homeip.net\/hub\/aut2017\/index.php?rest_route=%2Fwp%2Fv2%2Ftags&post=6580"}],"curies":[{"name":"wp","href":"https:\/\/api.w.org\/{rel}","templated":true}]}}